{"@context":"https:\/\/schema.org\/","@type":"CollectionPage","@id":"https:\/\/www.iias.cz\/byt\/#CollectionPage","headline":"Byt Category","description":"","url":"https:\/\/www.iias.cz\/byt\/","hasPart":[{"@type":"Article","@id":"https:\/\/www.iias.cz\/novy-interier\/","headline":"Nov\u00fd interi\u00e9r","url":"https:\/\/www.iias.cz\/novy-interier\/","datePublished":"2025-04-15","dateModified":"2025-04-15","mainEntityOfPage":"https:\/\/www.iias.cz\/novy-interier\/","author":{"@type":"Person","@id":"https:\/\/www.iias.cz\/author\/#Person","name":"","url":"https:\/\/www.iias.cz\/author\/","identifier":1,"image":{"@type":"ImageObject","@id":"https:\/\/secure.gravatar.com\/avatar\/d7705a23c50ede72936119380238a88bdeb91030521f9262dc3abc6fdd8add33?s=96&d=mm&r=g","url":"https:\/\/secure.gravatar.com\/avatar\/d7705a23c50ede72936119380238a88bdeb91030521f9262dc3abc6fdd8add33?s=96&d=mm&r=g","height":96,"width":96}},"publisher":{"@type":"Organization","name":"iias.cz","logo":{"@type":"ImageObject","@id":"\/logo.png","url":"\/logo.png","width":600,"height":60}},"image":{"@type":"ImageObject","@id":"https:\/\/www.iias.cz\/wp-content\/uploads\/bedroom-5772286_640_10_9.jpg","url":"https:\/\/www.iias.cz\/wp-content\/uploads\/bedroom-5772286_640_10_9.jpg","height":0,"width":0},"keywords":null},{"@type":"Article","@id":"https:\/\/www.iias.cz\/dum-pro-vasi-rodinu\/","headline":"D\u016fm pro va\u0161i rodinu","url":"https:\/\/www.iias.cz\/dum-pro-vasi-rodinu\/","datePublished":"2025-03-29","dateModified":"2025-03-29","mainEntityOfPage":"https:\/\/www.iias.cz\/dum-pro-vasi-rodinu\/","author":{"@type":"Person","@id":"https:\/\/www.iias.cz\/author\/#Person","name":"","url":"https:\/\/www.iias.cz\/author\/","identifier":1,"image":{"@type":"ImageObject","@id":"https:\/\/secure.gravatar.com\/avatar\/d7705a23c50ede72936119380238a88bdeb91030521f9262dc3abc6fdd8add33?s=96&d=mm&r=g","url":"https:\/\/secure.gravatar.com\/avatar\/d7705a23c50ede72936119380238a88bdeb91030521f9262dc3abc6fdd8add33?s=96&d=mm&r=g","height":96,"width":96}},"publisher":{"@type":"Organization","name":"iias.cz","logo":{"@type":"ImageObject","@id":"\/logo.png","url":"\/logo.png","width":600,"height":60}},"image":{"@type":"ImageObject","@id":"https:\/\/www.iias.cz\/wp-content\/uploads\/key-2323278_640_10_10_10_10_10_10_10_10_10_10_10_1.jpg","url":"https:\/\/www.iias.cz\/wp-content\/uploads\/key-2323278_640_10_10_10_10_10_10_10_10_10_10_10_1.jpg","height":0,"width":0},"keywords":null},{"@type":"Article","@id":"https:\/\/www.iias.cz\/jak-na-praktickou-kuchyn\/","headline":"Jak na praktickou kuchy\u0148?","url":"https:\/\/www.iias.cz\/jak-na-praktickou-kuchyn\/","datePublished":"2024-04-29","dateModified":"2024-04-29","mainEntityOfPage":"https:\/\/www.iias.cz\/jak-na-praktickou-kuchyn\/","author":{"@type":"Person","@id":"https:\/\/www.iias.cz\/author\/#Person","name":"","url":"https:\/\/www.iias.cz\/author\/","identifier":1,"image":{"@type":"ImageObject","@id":"https:\/\/secure.gravatar.com\/avatar\/d7705a23c50ede72936119380238a88bdeb91030521f9262dc3abc6fdd8add33?s=96&d=mm&r=g","url":"https:\/\/secure.gravatar.com\/avatar\/d7705a23c50ede72936119380238a88bdeb91030521f9262dc3abc6fdd8add33?s=96&d=mm&r=g","height":96,"width":96}},"publisher":{"@type":"Organization","name":"iias.cz","logo":{"@type":"ImageObject","@id":"\/logo.png","url":"\/logo.png","width":600,"height":60}},"image":{"@type":"ImageObject","@id":"https:\/\/www.iias.cz\/wp-content\/uploads\/kitchen-g8953d4946_640_10_8.jpg","url":"https:\/\/www.iias.cz\/wp-content\/uploads\/kitchen-g8953d4946_640_10_8.jpg","height":0,"width":0},"keywords":null},{"@type":"Article","@id":"https:\/\/www.iias.cz\/dostupne-bydleni\/","headline":"Dostupn\u00e9 bydlen\u00ed","url":"https:\/\/www.iias.cz\/dostupne-bydleni\/","datePublished":"2021-10-16","dateModified":"2023-05-15","mainEntityOfPage":"https:\/\/www.iias.cz\/dostupne-bydleni\/","author":{"@type":"Person","@id":"https:\/\/www.iias.cz\/author\/#Person","name":"","url":"https:\/\/www.iias.cz\/author\/","identifier":1,"image":{"@type":"ImageObject","@id":"https:\/\/secure.gravatar.com\/avatar\/d7705a23c50ede72936119380238a88bdeb91030521f9262dc3abc6fdd8add33?s=96&d=mm&r=g","url":"https:\/\/secure.gravatar.com\/avatar\/d7705a23c50ede72936119380238a88bdeb91030521f9262dc3abc6fdd8add33?s=96&d=mm&r=g","height":96,"width":96}},"publisher":{"@type":"Organization","name":"iias.cz","logo":{"@type":"ImageObject","@id":"\/logo.png","url":"\/logo.png","width":600,"height":60}},"image":{"@type":"ImageObject","@id":"https:\/\/www.iias.cz\/wp-content\/uploads\/Chatka%20na%20samot%C4%9B.jpg","url":"https:\/\/www.iias.cz\/wp-content\/uploads\/Chatka%20na%20samot%C4%9B.jpg","height":0,"width":0},"keywords":null},{"@type":"Article","@id":"https:\/\/www.iias.cz\/jak-si-jednoduse-a-levne-zutulnit-domov\/","headline":"Jak si jednodu\u0161e a levn\u011b z\u00fatulnit domov?","url":"https:\/\/www.iias.cz\/jak-si-jednoduse-a-levne-zutulnit-domov\/","datePublished":"2019-11-11","dateModified":"2023-05-15","mainEntityOfPage":"https:\/\/www.iias.cz\/jak-si-jednoduse-a-levne-zutulnit-domov\/","author":{"@type":"Person","@id":"https:\/\/www.iias.cz\/author\/#Person","name":"","url":"https:\/\/www.iias.cz\/author\/","identifier":1,"image":{"@type":"ImageObject","@id":"https:\/\/secure.gravatar.com\/avatar\/d7705a23c50ede72936119380238a88bdeb91030521f9262dc3abc6fdd8add33?s=96&d=mm&r=g","url":"https:\/\/secure.gravatar.com\/avatar\/d7705a23c50ede72936119380238a88bdeb91030521f9262dc3abc6fdd8add33?s=96&d=mm&r=g","height":96,"width":96}},"publisher":{"@type":"Organization","name":"iias.cz","logo":{"@type":"ImageObject","@id":"\/logo.png","url":"\/logo.png","width":600,"height":60}},"image":{"@type":"ImageObject","@id":"https:\/\/www.iias.cz\/wp-content\/uploads\/img_a359379_w3906_t1573374065.jpg","url":"https:\/\/www.iias.cz\/wp-content\/uploads\/img_a359379_w3906_t1573374065.jpg","height":0,"width":0},"keywords":null},{"@type":"Article","@id":"https:\/\/www.iias.cz\/jak-si-naplanovat-uklizeni-bytu\/","headline":"Jak si napl\u00e1novat ukl\u00edzen\u00ed bytu","url":"https:\/\/www.iias.cz\/jak-si-naplanovat-uklizeni-bytu\/","datePublished":"2019-10-23","dateModified":"2023-05-15","mainEntityOfPage":"https:\/\/www.iias.cz\/jak-si-naplanovat-uklizeni-bytu\/","author":{"@type":"Person","@id":"https:\/\/www.iias.cz\/author\/#Person","name":"","url":"https:\/\/www.iias.cz\/author\/","identifier":1,"image":{"@type":"ImageObject","@id":"https:\/\/secure.gravatar.com\/avatar\/d7705a23c50ede72936119380238a88bdeb91030521f9262dc3abc6fdd8add33?s=96&d=mm&r=g","url":"https:\/\/secure.gravatar.com\/avatar\/d7705a23c50ede72936119380238a88bdeb91030521f9262dc3abc6fdd8add33?s=96&d=mm&r=g","height":96,"width":96}},"publisher":{"@type":"Organization","name":"iias.cz","logo":{"@type":"ImageObject","@id":"\/logo.png","url":"\/logo.png","width":600,"height":60}},"image":{"@type":"ImageObject","@id":"https:\/\/www.iias.cz\/wp-content\/uploads\/img_a357468_w3906_t1572091626.jpg","url":"https:\/\/www.iias.cz\/wp-content\/uploads\/img_a357468_w3906_t1572091626.jpg","height":0,"width":0},"keywords":null},{"@type":"Article","@id":"https:\/\/www.iias.cz\/misto-zivota\/","headline":"M\u00edsto \u017eivota","url":"https:\/\/www.iias.cz\/misto-zivota\/","datePublished":"2019-09-07","dateModified":"2023-05-15","mainEntityOfPage":"https:\/\/www.iias.cz\/misto-zivota\/","author":{"@type":"Person","@id":"https:\/\/www.iias.cz\/author\/#Person","name":"","url":"https:\/\/www.iias.cz\/author\/","identifier":1,"image":{"@type":"ImageObject","@id":"https:\/\/secure.gravatar.com\/avatar\/d7705a23c50ede72936119380238a88bdeb91030521f9262dc3abc6fdd8add33?s=96&d=mm&r=g","url":"https:\/\/secure.gravatar.com\/avatar\/d7705a23c50ede72936119380238a88bdeb91030521f9262dc3abc6fdd8add33?s=96&d=mm&r=g","height":96,"width":96}},"publisher":{"@type":"Organization","name":"iias.cz","logo":{"@type":"ImageObject","@id":"\/logo.png","url":"\/logo.png","width":600,"height":60}},"image":{"@type":"ImageObject","@id":"https:\/\/www.iias.cz\/wp-content\/uploads\/img_a356832_w3906_t1571463779.jpg","url":"https:\/\/www.iias.cz\/wp-content\/uploads\/img_a356832_w3906_t1571463779.jpg","height":0,"width":0},"keywords":null}]}