[{"@context":"https:\/\/schema.org\/","@type":"Article","@id":"https:\/\/www.iias.cz\/ceka-vas-menopauza-no-a-co\/#Article","mainEntityOfPage":"https:\/\/www.iias.cz\/ceka-vas-menopauza-no-a-co\/","headline":"\u010cek\u00e1 v\u00e1s menopauza. No a co?","name":"\u010cek\u00e1 v\u00e1s menopauza. No a co?","description":"Hlavn\u011b se nelekejte u\u017e dop\u0159edu, co v\u00e1s \u010dek\u00e1. Nic nen\u00ed takov\u00e9, jak se zprvu zd\u00e1. Jestli\u017ee budete lustrovat internetov\u00e9 str\u00e1nky v\u011bnuj\u00edc\u00ed se p\u0159echodu \u017eeny \u010dili klimakteriu, dozv\u00edte se tolik negativn\u00edch v\u011bc\u00ed, \u017ee se v\u00e1m o nich bude v&nbsp;noci zd\u00e1t a p\u0159ivod\u00edte si nespavost d\u0159\u00edve, ne\u017e v\u016fbec ke klimakteriu dojde. Musely bychom b\u00fdt zna\u010dn\u011b otrl\u00e9, abychom [&hellip;]","datePublished":"2019-10-12","dateModified":"2023-05-15","author":{"@type":"Person","@id":"https:\/\/www.iias.cz\/author\/#Person","name":"","url":"https:\/\/www.iias.cz\/author\/","identifier":1,"image":{"@type":"ImageObject","@id":"https:\/\/secure.gravatar.com\/avatar\/d7705a23c50ede72936119380238a88bdeb91030521f9262dc3abc6fdd8add33?s=96&d=mm&r=g","url":"https:\/\/secure.gravatar.com\/avatar\/d7705a23c50ede72936119380238a88bdeb91030521f9262dc3abc6fdd8add33?s=96&d=mm&r=g","height":96,"width":96}},"publisher":{"@type":"Organization","name":"iias.cz","logo":{"@type":"ImageObject","@id":"\/logo.png","url":"\/logo.png","width":600,"height":60}},"image":{"@type":"ImageObject","@id":"https:\/\/www.iias.cz\/wp-content\/uploads\/img_a357035_w3906_t1571726610.jpg","url":"https:\/\/www.iias.cz\/wp-content\/uploads\/img_a357035_w3906_t1571726610.jpg","height":0,"width":0},"url":"https:\/\/www.iias.cz\/ceka-vas-menopauza-no-a-co\/","about":["\u017dena"],"wordCount":448,"articleBody":"Hlavn\u011b se nelekejte u\u017e dop\u0159edu, co v\u00e1s \u010dek\u00e1. Nic nen\u00ed takov\u00e9, jak se zprvu zd\u00e1. Jestli\u017ee budete lustrovat internetov\u00e9 str\u00e1nky v\u011bnuj\u00edc\u00ed se p\u0159echodu \u017eeny \u010dili klimakteriu, dozv\u00edte se tolik negativn\u00edch v\u011bc\u00ed, \u017ee se v\u00e1m o nich bude v&nbsp;noci zd\u00e1t a p\u0159ivod\u00edte si nespavost d\u0159\u00edve, ne\u017e v\u016fbec ke klimakteriu dojde. Musely bychom b\u00fdt zna\u010dn\u011b otrl\u00e9, abychom v\u0161echny informace, kter\u00e9 jsou na netu k&nbsp;dosa\u017een\u00ed a v\u011bnuj\u00ed se p\u0159echodu \u017eeny, se n\u00e1s alespo\u0148 tro\u0161i\u010dku nedotkly. Jakmile ale o nich za\u010dneme hovo\u0159it a p\u0159em\u00fd\u0161let o nich, u\u017e se n\u00e1m dost\u00e1vaj\u00ed pod k\u016f\u017ei a za\u010d\u00edn\u00e1me se ob\u00e1vat. Jakmile v\u00e1s ale u\u017e potk\u00e1 strach, za\u010dnete p\u0159itahovat pr\u00e1v\u011b negativn\u00ed informace.Najednou v\u00e1m &bdquo;n\u00e1hoda&ldquo; p\u0159ivane do cesty b\u00fdvalou spolu\u017ea\u010dku, kter\u00e1 trp\u00ed obrovsk\u00fdmi p\u0159\u00edznaky klimakteria, kolegyn\u011b v&nbsp;pr\u00e1ci v\u011b\u010dn\u011b v\u011btr\u00e1, proto\u017ee pro\u017e\u00edv\u00e1 p\u0159echod a p\u0159epadaj\u00ed j\u00ed n\u00e1valy horka, u gynekologa v&nbsp;\u010dek\u00e1rn\u011b vyslechnete rozhovor dvou \u017een, kter\u00e9 d\u016fsledn\u011b prob\u00edraj\u00ed sv\u00e9 t\u011b\u017ek\u00e9 probl\u00e9my spojen\u00e9 s&nbsp;\u017eensk\u00fdm p\u0159echodem.\tA proto, nemalujte \u010derta na ze\u010f. Kde je ps\u00e1no, \u017ee zrovna vy budete m\u00edt neskute\u010dn\u00e9 probl\u00e9my s&nbsp;klimakteriem? Co to vlastn\u011b znamen\u00e1? Je to naprosto p\u0159irozen\u00fd v\u00fdvoj \u017eeny, kdy p\u0159ed pades\u00e1t\u00fdm rokem doch\u00e1z\u00ed k&nbsp;menopauze a \u017eena p\u0159est\u00e1v\u00e1 menstruovat. \u00dapln\u00fd konec menstruace m\u016f\u017ee prob\u00edhat i rok, ne\u017e se zcela zastav\u00ed. \u017dena po menopauze u\u017e nem\u016f\u017ee ot\u011bhotn\u011bt, \u010dinnost vaje\u010dn\u00edk\u016f pomalu vyhas\u00edn\u00e1, reprodukce se zastavuje. Je to zcela p\u0159irozen\u00e9. To prost\u011b neovlivn\u00edme. M\u016f\u017eeme ovlivnit jen to, jak tuto zm\u011bnu p\u0159ijmeme a jak se s&nbsp;n\u00ed psychicky vyrovn\u00e1me.\tPokud p\u0159ijmeme, \u017ee se jedn\u00e1 o p\u0159irozen\u00fd cyklus \u017eeny, nebudeme se mu v\u0161emo\u017en\u011b br\u00e1nit a nebudeme po noc\u00edch plakat do pol\u0161t\u00e1\u0159e, \u017ee p\u0159est\u00e1v\u00e1me b\u00fdt \u017eenou, nemus\u00ed k&nbsp;\u017e\u00e1dn\u00fdm zvl\u00e1\u0161tn\u00edm komplikac\u00edm ani doch\u00e1zet. Nep\u0159est\u00e1v\u00e1te b\u00fdt \u017eenou! Naopak, po pades\u00e1tce \u017eeny mnohdy za\u010d\u00ednaj\u00ed m\u011bnit za\u017eit\u00fd styl \u017eivota. Nach\u00e1zej\u00ed nov\u00e9 impulsy, jsou voln\u00e9, proto\u017ee d\u011bti v\u011bt\u0161inou u\u017e opustily rodn\u00e9 hn\u00edzdo a \u017eeny maj\u00ed pro sebe a na sebe v\u00edce \u010dasu.\tA je jen na v\u00e1s, jak \u010das pro sebe dok\u00e1\u017eete zu\u017eitkovat.                                                                                                                                                                                                                                                                                                                                                                                        4.2\/5 - (6 votes)        "},{"@context":"https:\/\/schema.org\/","@type":"BreadcrumbList","itemListElement":[{"@type":"ListItem","position":1,"name":"\u010cek\u00e1 v\u00e1s menopauza. No a co?","item":"https:\/\/www.iias.cz\/ceka-vas-menopauza-no-a-co\/#breadcrumbitem"}]}]