[{"@context":"https:\/\/schema.org\/","@type":"Article","@id":"https:\/\/www.iias.cz\/ja-a-vysoka-skola\/#Article","mainEntityOfPage":"https:\/\/www.iias.cz\/ja-a-vysoka-skola\/","headline":"J\u00e1 a vysok\u00e1 \u0161kola","name":"J\u00e1 a vysok\u00e1 \u0161kola","description":"V\u017edycky jsem pat\u0159ila k t\u011bm lidem, kte\u0159\u00ed r\u00e1di \u010detli a kte\u0159\u00ed se r\u00e1di vzd\u011bl\u00e1vali. Nikdy by m\u011b nenapadlo, \u017ee bych t\u0159eba m\u011bla jenom n\u011bjakou z\u00e1kladn\u00ed \u0161kolu anebo v\u00fdu\u010dn\u00ed obor. M\u016fj sen byl v\u017edycky to, \u017ee bych studoval t\u0159eba medic\u00ednu anebo pr\u00e1vnickou fakultu. Jenom\u017ee jak u\u017e to, tak b\u00fdv\u00e1, tak ne v\u0161em lidem se v\u017edycky jejich [&hellip;]","datePublished":"2022-11-10","dateModified":"2023-05-15","author":{"@type":"Person","@id":"https:\/\/www.iias.cz\/author\/#Person","name":"","url":"https:\/\/www.iias.cz\/author\/","identifier":1,"image":{"@type":"ImageObject","@id":"https:\/\/secure.gravatar.com\/avatar\/d7705a23c50ede72936119380238a88bdeb91030521f9262dc3abc6fdd8add33?s=96&d=mm&r=g","url":"https:\/\/secure.gravatar.com\/avatar\/d7705a23c50ede72936119380238a88bdeb91030521f9262dc3abc6fdd8add33?s=96&d=mm&r=g","height":96,"width":96}},"publisher":{"@type":"Organization","name":"iias.cz","logo":{"@type":"ImageObject","@id":"\/logo.png","url":"\/logo.png","width":600,"height":60}},"image":{"@type":"ImageObject","@id":"https:\/\/www.iias.cz\/wp-content\/uploads\/meeting-1177454_960_720.jpg","url":"https:\/\/www.iias.cz\/wp-content\/uploads\/meeting-1177454_960_720.jpg","height":0,"width":0},"url":"https:\/\/www.iias.cz\/ja-a-vysoka-skola\/","about":["Vzd\u011bl\u00e1n\u00ed"],"wordCount":423,"articleBody":"V\u017edycky jsem pat\u0159ila k t\u011bm lidem, kte\u0159\u00ed r\u00e1di \u010detli a kte\u0159\u00ed se r\u00e1di vzd\u011bl\u00e1vali. Nikdy by m\u011b nenapadlo, \u017ee bych t\u0159eba m\u011bla jenom n\u011bjakou z\u00e1kladn\u00ed \u0161kolu anebo v\u00fdu\u010dn\u00ed obor. M\u016fj sen byl v\u017edycky to, \u017ee bych studoval t\u0159eba medic\u00ednu anebo pr\u00e1vnickou fakultu. Jenom\u017ee jak u\u017e to, tak b\u00fdv\u00e1, tak ne v\u0161em lidem se v\u017edycky jejich kr\u00e1sn\u00fd sen spln\u00ed. J\u00e1 bych se mo\u017en\u00e1 dostala na medic\u00ednu, ale ve \u010dtvrt\u00e9m ro\u010dn\u00edku gymn\u00e1zia jsem dostala z\u00e1pal plic a potom jsem si je\u0161t\u011b \u0161kared\u011b zlomila nohu. Tak\u017ee jsem \u010dty\u0159i m\u011bs\u00edce v kuse byla v nemocnici. A to mo\u017en\u00e1 ud\u011blalo to, \u017ee jsem potom neud\u011blala maturitn\u00ed vysv\u011bd\u010den\u00ed. I kdy\u017e jsem se v nemocnici po\u0159\u00e1dn\u011b a dlouho u\u010dila a sna\u017eila jsem se, tak to bohu\u017eel nesta\u010dilo, proto\u017ee jsem byla v\u017edycky tak unaven\u00e1 nebo jsem m\u011bla bolesti, \u017ee mi to u\u010den\u00ed v\u016fbec ne\u0161lo do hlavy. Ani jsem si to nedok\u00e1zala zapamatovat. Tak samoz\u0159ejm\u011b, \u017ee jsem neud\u011blala maturitn\u00ed vysv\u011bd\u010den\u00ed, co\u017e mi ud\u011blal opravdu velk\u00e9 psychick\u00e9 probl\u00e9my a opravdu jsem z toho v\u0161eho byla ne\u0161\u0165astn\u00e1. Tak\u017ee jsem musela posledn\u00ed ro\u010dn\u00edk gymn\u00e1zia opakovat. Potom jsem se modlila, abych v\u0161echno ud\u011blala skv\u011ble, aby m\u011b vzali na medic\u00ednu. A v tomhle jsem akor\u00e1t u\u017e m\u011bla \u0161t\u011bst\u00ed a j\u00e1 kone\u010dn\u011b mohla b\u00fdt \u0161\u0165astn\u00e1. Proto\u017ee dal\u0161\u00ed rok jsem maturitn\u00ed vysv\u011bd\u010den\u00ed ud\u011blala. A taky jsem chodila na p\u0159\u00edpravku na medic\u00ednu, co\u017e bylo skoro a\u017e v povinn\u00e9. Nakonec jsem se dostala taky na medic\u00ednu, za co\u017e jsem byla velice vd\u011b\u010dn\u00e1 a radost\u00ed jsem skoro bre\u010dela. Dokonce i moje m\u00e1ma uronila slzi\u010dku \u0161t\u011bst\u00edm. Byla jsem nad\u0161en\u00e1, \u017ee jsem se na medic\u00ednu dostala, proto\u017ee vzd\u011bl\u00e1v\u00e1n\u00ed m\u011b bav\u00ed. A jak je pro v\u00e1s vzd\u011bl\u00e1n\u00ed\u00a0d\u016fle\u017eit\u00e9? taky m\u00e1te vysokou \u0161kolu nebo v\u00e1s u\u010den\u00ed\u00a0v\u016fbec\u00a0nebavilo a\u00a0m\u00e1te\u00a0t\u0159eba jenom\u00a0maturitu\u00a0nebo u\u010debn\u00ed obor? T\u0159eba jeden m\u016fj b\u00fdval\u00fd p\u0159\u00edtel m\u00e1 jenom z\u00e1kladn\u00ed \u0161kolu,\u00a0proto\u017ee\u00a0do u\u010den\u00ed u\u017e nikam j\u00edt necht\u011bl. Mysl\u00edm si, \u017ee je to ale velik\u00e1 \u0161koda.\u00a0                                                                                                                                                                                                                                                                                                                                                                                        4.2\/5 - (11 votes)        "},{"@context":"https:\/\/schema.org\/","@type":"BreadcrumbList","itemListElement":[{"@type":"ListItem","position":1,"name":"J\u00e1 a vysok\u00e1 \u0161kola","item":"https:\/\/www.iias.cz\/ja-a-vysoka-skola\/#breadcrumbitem"}]}]