[{"@context":"https:\/\/schema.org\/","@type":"Article","@id":"https:\/\/www.iias.cz\/jak-na-praktickou-kuchyn\/#Article","mainEntityOfPage":"https:\/\/www.iias.cz\/jak-na-praktickou-kuchyn\/","headline":"Jak na praktickou kuchy\u0148?","name":"Jak na praktickou kuchy\u0148?","description":"Kuchy\u0148, tak to je srdce ka\u017ed\u00e9ho domova. Teda to si mysl\u00edm aspo\u0148 j\u00e1. Je to m\u00edsto, kde se va\u0159\u00ed j\u00eddlo pro v\u00e1s a pro celou va\u0161i rodinu. M\u00edsto, kter\u00e9 rodinu spojuje, proto\u017ee j\u00eddlo lidi opravdu spojuje. Pokud se zrovna n\u011bco nep\u0159ip\u00e1l\u00ed. Kdy\u017e u\u017e m\u00e1 \u010dlov\u011bk tolik pr\u00e1ce, je d\u016fle\u017eit\u00e9 naj\u00edt si \u010das na rodinu, a [&hellip;]","datePublished":"2024-04-29","dateModified":"2024-04-29","author":{"@type":"Person","@id":"https:\/\/www.iias.cz\/author\/#Person","name":"","url":"https:\/\/www.iias.cz\/author\/","identifier":1,"image":{"@type":"ImageObject","@id":"https:\/\/secure.gravatar.com\/avatar\/d7705a23c50ede72936119380238a88bdeb91030521f9262dc3abc6fdd8add33?s=96&d=mm&r=g","url":"https:\/\/secure.gravatar.com\/avatar\/d7705a23c50ede72936119380238a88bdeb91030521f9262dc3abc6fdd8add33?s=96&d=mm&r=g","height":96,"width":96}},"publisher":{"@type":"Organization","name":"iias.cz","logo":{"@type":"ImageObject","@id":"\/logo.png","url":"\/logo.png","width":600,"height":60}},"image":{"@type":"ImageObject","@id":"https:\/\/www.iias.cz\/wp-content\/uploads\/kitchen-g8953d4946_640_10_8.jpg","url":"https:\/\/www.iias.cz\/wp-content\/uploads\/kitchen-g8953d4946_640_10_8.jpg","height":0,"width":0},"url":"https:\/\/www.iias.cz\/jak-na-praktickou-kuchyn\/","about":["Byt"],"wordCount":490,"articleBody":"Kuchy\u0148, tak to je srdce ka\u017ed\u00e9ho domova. Teda to si mysl\u00edm aspo\u0148 j\u00e1. Je to m\u00edsto, kde se va\u0159\u00ed j\u00eddlo pro v\u00e1s a pro celou va\u0161i rodinu. M\u00edsto, kter\u00e9 rodinu spojuje, proto\u017ee j\u00eddlo lidi opravdu spojuje. Pokud se zrovna n\u011bco nep\u0159ip\u00e1l\u00ed. Kdy\u017e u\u017e m\u00e1 \u010dlov\u011bk tolik pr\u00e1ce, je d\u016fle\u017eit\u00e9 naj\u00edt si \u010das na rodinu, a co je lep\u0161\u00ed ne\u017e jim uva\u0159it n\u011bco dobr\u00e9ho? Jak ale m\u00edt takovou kvalitn\u00ed a praktickou kuchy\u0148? Tak zaprv\u00e9 bych za\u010dala asi t\u00edm, \u017ee se v\u00e1m kuchy\u0148 mus\u00ed l\u00edbit. Opticky a esteticky mus\u00ed b\u00fdt pro v\u00e1s, pro nikoho jin\u00e9ho, hlavn\u011b pro v\u00e1s hezk\u00e1. No a te\u010f k\u00a0t\u00e9 funk\u010dnosti a prakti\u010dnosti. Za\u010dala bych asi kvalitn\u00ed pracovn\u00ed kuchy\u0148kou deskou. To je asi z\u00e1klad. Dostatek pracovn\u00edho m\u00edsta, kde budete loupat, kr\u00e1jet, m\u00edchat, \u0161lehat, to je zapot\u0159eb\u00ed. Pot\u00e9 byste m\u011bli m\u00edt tak\u00e9 kvalitn\u00ed spor\u00e1k, nebo induk\u010dn\u00ed desku, a tak\u00e9 kvalitn\u00ed troubu. Na t\u011bchto spot\u0159ebi\u010d\u00edch doporu\u010duji ne\u0161et\u0159it, za prv\u00e9 chcete m\u00edt jednodu\u0161\u0161\u00ed va\u0159en\u00ed a za druh\u00e9 chcete tak\u00e9 m\u00edt spot\u0159ebi\u010d, kter\u00fd v\u00e1m n\u011bjakou chvilku vydr\u017e\u00ed \u017ee? Kdy\u017e se vr\u00e1t\u00edm je\u0161t\u011b k\u00a0tomu vzhledu, nebo estetick\u00e9 str\u00e1nce t\u00e9 kuchyn\u011b, tak je d\u016fle\u017eit\u00e1 kombinace materi\u00e1l\u016f, aby to vypadalo hezky. Ide\u00e1ln\u00ed je m\u00edt hezkou pracovn\u00ed desku a k\u00a0tomu nezapomenout t\u0159eba oblo\u017eit kachli\u010dkami, nebo dla\u017edicemi, nebo te\u010f jsou ji\u017e i jin\u00e9 materi\u00e1ly, kter\u00fdmi si ud\u011bl\u00e1te takovou desku na ze\u010f, zkr\u00e1tka n\u011bco co bude omyvateln\u00e9. Je d\u016fle\u017eit\u00e9, m\u00edt pracovn\u00ed prostor, vhodn\u00fd pro v\u00e1s, i v\u00fd\u0161kov\u011b, proto\u017ee vy tam budete hlavn\u011b va\u0159it a p\u00e9ct, pro svou rodinu a tak\u00e9 pro sebe. D\u00e1le tak\u00e9 ledni\u010dka, rozmyslet si, jakou ledni\u010dku, jestli sp\u00ed\u0161e v\u011bt\u0161\u00ed ledni\u010dku a men\u0161\u00ed mraz\u00e1k, nebo p\u016fl na p\u016fl. To je \u010dist\u011b na v\u00e1s. A co skladovac\u00ed prostor? Tak ten je moc d\u016fle\u017eit\u00fd, krom\u011b toho, \u017ee mus\u00ed b\u00fdt dob\u0159e vyu\u017eit\u00fd, abyste v\u011bd\u011bli tak\u00e9, kde co m\u00e1te uskladn\u011bno, tak je tak\u00e9 dobr\u00fd, m\u00edt v\u00a0tom syst\u00e9m. Dob\u0159e zorganizovan\u00e1 \u0161pjazka a ledni\u010dka v\u00e1m budou tak\u00e9 velmi dobr\u00fdmi pomocn\u00ed\u010dky. T\u0159eba je dob\u0159e vyu\u017eit\u00fd prostor, kdy\u017e t\u0159eba pod spor\u00e1kem m\u00e1te hrnce, pokli\u010dky a p\u00e1nvi\u010dky. Pokud m\u00e1te pobl\u00ed\u017e k\u00e1vovaru hrne\u010dky. Tak\u00e9 je ide\u00e1ln\u00ed m\u00edt bl\u00edzko trouby t\u0159eba pek\u00e1\u010de, jestli mi rozum\u00edte. M\u00edt prost\u011b ty v\u011bci rozm\u00edst\u011bn\u00e9 tak, jak se n\u00e1m to bude nejl\u00e9pe efektivn\u011b hodit.                                                                                                                                                                                                                                                                                                                                                                                        3.1\/5 - (14 votes)        "},{"@context":"https:\/\/schema.org\/","@type":"BreadcrumbList","itemListElement":[{"@type":"ListItem","position":1,"name":"Jak na praktickou kuchy\u0148?","item":"https:\/\/www.iias.cz\/jak-na-praktickou-kuchyn\/#breadcrumbitem"}]}]