[{"@context":"https:\/\/schema.org\/","@type":"Blog","@id":"https:\/\/www.iias.cz#Blog","headline":"Iias","description":"\nNev\u011b\u0159te v\u0161emu, co se kde na internetu p\u00ed\u0161e. V\u011b\u0159te jenom tomu, \u010demu skute\u010dn\u011b v\u011b\u0159it lze. Tedy v\u011b\u0159te n\u00e1m, \u017ee se v\u00e1m zaru\u010den\u011b vyplat\u00ed v\u011b\u0159it n\u00e1m.","url":"https:\/\/www.iias.cz","hasPart":[{"@type":"Article","@id":"https:\/\/www.iias.cz\/lupove-bryle-nahrazeny-mikroskopem\/","headline":"Lupov\u00e9 br\u00fdle nahrazeny mikroskopem","url":"https:\/\/www.iias.cz\/lupove-bryle-nahrazeny-mikroskopem\/","datePublished":"2021-09-15","dateModified":"2023-05-15","mainEntityOfPage":"https:\/\/www.iias.cz\/lupove-bryle-nahrazeny-mikroskopem\/","author":{"@type":"Person","@id":"https:\/\/www.iias.cz\/author\/#Person","name":"","url":"https:\/\/www.iias.cz\/author\/","identifier":1,"image":{"@type":"ImageObject","@id":"https:\/\/secure.gravatar.com\/avatar\/d7705a23c50ede72936119380238a88bdeb91030521f9262dc3abc6fdd8add33?s=96&d=mm&r=g","url":"https:\/\/secure.gravatar.com\/avatar\/d7705a23c50ede72936119380238a88bdeb91030521f9262dc3abc6fdd8add33?s=96&d=mm&r=g","height":96,"width":96}},"publisher":{"@type":"Organization","name":"iias.cz","logo":{"@type":"ImageObject","@id":"\/logo.png","url":"\/logo.png","width":600,"height":60}},"image":{"@type":"ImageObject","@id":"https:\/\/www.iias.cz\/wp-content\/uploads\/teeth-g01b6c7f6f_1920_1.jpg","url":"https:\/\/www.iias.cz\/wp-content\/uploads\/teeth-g01b6c7f6f_1920_1.jpg","height":0,"width":0},"wordCount":626,"keywords":null},{"@type":"Article","@id":"https:\/\/www.iias.cz\/bez-soustruhu-se-neobejdeme\/","headline":"Bez soustruhu se neobejdeme","url":"https:\/\/www.iias.cz\/bez-soustruhu-se-neobejdeme\/","datePublished":"2021-09-15","dateModified":"2023-05-15","mainEntityOfPage":"https:\/\/www.iias.cz\/bez-soustruhu-se-neobejdeme\/","author":{"@type":"Person","@id":"https:\/\/www.iias.cz\/author\/#Person","name":"","url":"https:\/\/www.iias.cz\/author\/","identifier":1,"image":{"@type":"ImageObject","@id":"https:\/\/secure.gravatar.com\/avatar\/d7705a23c50ede72936119380238a88bdeb91030521f9262dc3abc6fdd8add33?s=96&d=mm&r=g","url":"https:\/\/secure.gravatar.com\/avatar\/d7705a23c50ede72936119380238a88bdeb91030521f9262dc3abc6fdd8add33?s=96&d=mm&r=g","height":96,"width":96}},"publisher":{"@type":"Organization","name":"iias.cz","logo":{"@type":"ImageObject","@id":"\/logo.png","url":"\/logo.png","width":600,"height":60}},"image":{"@type":"ImageObject","@id":"https:\/\/www.iias.cz\/wp-content\/uploads\/lathe-6260379_960_720.jpg","url":"https:\/\/www.iias.cz\/wp-content\/uploads\/lathe-6260379_960_720.jpg","height":0,"width":0},"wordCount":649,"keywords":null},{"@type":"Article","@id":"https:\/\/www.iias.cz\/lasku-v-sobe-mame-vsichni\/","headline":"L\u00e1sku v sob\u011b m\u00e1me v\u0161ichni","url":"https:\/\/www.iias.cz\/lasku-v-sobe-mame-vsichni\/","datePublished":"2021-09-12","dateModified":"2023-05-15","mainEntityOfPage":"https:\/\/www.iias.cz\/lasku-v-sobe-mame-vsichni\/","author":{"@type":"Person","@id":"https:\/\/www.iias.cz\/author\/#Person","name":"","url":"https:\/\/www.iias.cz\/author\/","identifier":1,"image":{"@type":"ImageObject","@id":"https:\/\/secure.gravatar.com\/avatar\/d7705a23c50ede72936119380238a88bdeb91030521f9262dc3abc6fdd8add33?s=96&d=mm&r=g","url":"https:\/\/secure.gravatar.com\/avatar\/d7705a23c50ede72936119380238a88bdeb91030521f9262dc3abc6fdd8add33?s=96&d=mm&r=g","height":96,"width":96}},"publisher":{"@type":"Organization","name":"iias.cz","logo":{"@type":"ImageObject","@id":"\/logo.png","url":"\/logo.png","width":600,"height":60}},"image":{"@type":"ImageObject","@id":"https:\/\/www.iias.cz\/wp-content\/uploads\/sunset-570881_640.jpg","url":"https:\/\/www.iias.cz\/wp-content\/uploads\/sunset-570881_640.jpg","height":0,"width":0},"wordCount":533,"keywords":null},{"@type":"Article","@id":"https:\/\/www.iias.cz\/je-nutne-mit-kulturu\/","headline":"Je nutn\u00e9 m\u00edt kulturu","url":"https:\/\/www.iias.cz\/je-nutne-mit-kulturu\/","datePublished":"2021-09-07","dateModified":"2023-05-15","mainEntityOfPage":"https:\/\/www.iias.cz\/je-nutne-mit-kulturu\/","author":{"@type":"Person","@id":"https:\/\/www.iias.cz\/author\/#Person","name":"","url":"https:\/\/www.iias.cz\/author\/","identifier":1,"image":{"@type":"ImageObject","@id":"https:\/\/secure.gravatar.com\/avatar\/d7705a23c50ede72936119380238a88bdeb91030521f9262dc3abc6fdd8add33?s=96&d=mm&r=g","url":"https:\/\/secure.gravatar.com\/avatar\/d7705a23c50ede72936119380238a88bdeb91030521f9262dc3abc6fdd8add33?s=96&d=mm&r=g","height":96,"width":96}},"publisher":{"@type":"Organization","name":"iias.cz","logo":{"@type":"ImageObject","@id":"\/logo.png","url":"\/logo.png","width":600,"height":60}},"image":{"@type":"ImageObject","@id":"https:\/\/www.iias.cz\/wp-content\/uploads\/books-gc8ed7db98_1280.png","url":"https:\/\/www.iias.cz\/wp-content\/uploads\/books-gc8ed7db98_1280.png","height":0,"width":0},"wordCount":556,"keywords":null},{"@type":"Article","@id":"https:\/\/www.iias.cz\/pouziti-folie\/","headline":"Pou\u017eit\u00ed f\u00f3lie","url":"https:\/\/www.iias.cz\/pouziti-folie\/","datePublished":"2021-09-02","dateModified":"2023-05-15","mainEntityOfPage":"https:\/\/www.iias.cz\/pouziti-folie\/","author":{"@type":"Person","@id":"https:\/\/www.iias.cz\/author\/#Person","name":"","url":"https:\/\/www.iias.cz\/author\/","identifier":1,"image":{"@type":"ImageObject","@id":"https:\/\/secure.gravatar.com\/avatar\/d7705a23c50ede72936119380238a88bdeb91030521f9262dc3abc6fdd8add33?s=96&d=mm&r=g","url":"https:\/\/secure.gravatar.com\/avatar\/d7705a23c50ede72936119380238a88bdeb91030521f9262dc3abc6fdd8add33?s=96&d=mm&r=g","height":96,"width":96}},"publisher":{"@type":"Organization","name":"iias.cz","logo":{"@type":"ImageObject","@id":"\/logo.png","url":"\/logo.png","width":600,"height":60}},"image":{"@type":"ImageObject","@id":"https:\/\/www.iias.cz\/wp-content\/uploads\/bubble_wrap_bubble_wrap.jpg","url":"https:\/\/www.iias.cz\/wp-content\/uploads\/bubble_wrap_bubble_wrap.jpg","height":0,"width":0},"wordCount":662,"keywords":null},{"@type":"Article","@id":"https:\/\/www.iias.cz\/zkuste-dat-sanci-brance\/","headline":"Zkuste d\u00e1t \u0161anci brance","url":"https:\/\/www.iias.cz\/zkuste-dat-sanci-brance\/","datePublished":"2021-08-29","dateModified":"2023-05-15","mainEntityOfPage":"https:\/\/www.iias.cz\/zkuste-dat-sanci-brance\/","author":{"@type":"Person","@id":"https:\/\/www.iias.cz\/author\/#Person","name":"","url":"https:\/\/www.iias.cz\/author\/","identifier":1,"image":{"@type":"ImageObject","@id":"https:\/\/secure.gravatar.com\/avatar\/d7705a23c50ede72936119380238a88bdeb91030521f9262dc3abc6fdd8add33?s=96&d=mm&r=g","url":"https:\/\/secure.gravatar.com\/avatar\/d7705a23c50ede72936119380238a88bdeb91030521f9262dc3abc6fdd8add33?s=96&d=mm&r=g","height":96,"width":96}},"publisher":{"@type":"Organization","name":"iias.cz","logo":{"@type":"ImageObject","@id":"\/logo.png","url":"\/logo.png","width":600,"height":60}},"image":{"@type":"ImageObject","@id":"https:\/\/www.iias.cz\/wp-content\/uploads\/%C4%8Depov%C3%A1n%C3%AD%20piva_1.PNG","url":"https:\/\/www.iias.cz\/wp-content\/uploads\/%C4%8Depov%C3%A1n%C3%AD%20piva_1.PNG","height":0,"width":0},"wordCount":722,"keywords":null},{"@type":"Article","@id":"https:\/\/www.iias.cz\/vztahy-k-pocitacum\/","headline":"Vztahy k po\u010d\u00edta\u010d\u016fm","url":"https:\/\/www.iias.cz\/vztahy-k-pocitacum\/","datePublished":"2021-08-28","dateModified":"2023-05-15","mainEntityOfPage":"https:\/\/www.iias.cz\/vztahy-k-pocitacum\/","author":{"@type":"Person","@id":"https:\/\/www.iias.cz\/author\/#Person","name":"","url":"https:\/\/www.iias.cz\/author\/","identifier":1,"image":{"@type":"ImageObject","@id":"https:\/\/secure.gravatar.com\/avatar\/d7705a23c50ede72936119380238a88bdeb91030521f9262dc3abc6fdd8add33?s=96&d=mm&r=g","url":"https:\/\/secure.gravatar.com\/avatar\/d7705a23c50ede72936119380238a88bdeb91030521f9262dc3abc6fdd8add33?s=96&d=mm&r=g","height":96,"width":96}},"publisher":{"@type":"Organization","name":"iias.cz","logo":{"@type":"ImageObject","@id":"\/logo.png","url":"\/logo.png","width":600,"height":60}},"image":{"@type":"ImageObject","@id":"https:\/\/www.iias.cz\/wp-content\/uploads\/aaa.jpg","url":"https:\/\/www.iias.cz\/wp-content\/uploads\/aaa.jpg","height":0,"width":0},"wordCount":474,"keywords":null},{"@type":"Article","@id":"https:\/\/www.iias.cz\/podporme-ceske-tvurce\/","headline":"Podpo\u0159me \u010desk\u00e9 tv\u016frce","url":"https:\/\/www.iias.cz\/podporme-ceske-tvurce\/","datePublished":"2021-08-07","dateModified":"2023-05-15","mainEntityOfPage":"https:\/\/www.iias.cz\/podporme-ceske-tvurce\/","author":{"@type":"Person","@id":"https:\/\/www.iias.cz\/author\/#Person","name":"","url":"https:\/\/www.iias.cz\/author\/","identifier":1,"image":{"@type":"ImageObject","@id":"https:\/\/secure.gravatar.com\/avatar\/d7705a23c50ede72936119380238a88bdeb91030521f9262dc3abc6fdd8add33?s=96&d=mm&r=g","url":"https:\/\/secure.gravatar.com\/avatar\/d7705a23c50ede72936119380238a88bdeb91030521f9262dc3abc6fdd8add33?s=96&d=mm&r=g","height":96,"width":96}},"publisher":{"@type":"Organization","name":"iias.cz","logo":{"@type":"ImageObject","@id":"\/logo.png","url":"\/logo.png","width":600,"height":60}},"image":{"@type":"ImageObject","@id":"https:\/\/www.iias.cz\/wp-content\/uploads\/medv%C3%ADdci%20h%C3%A1%C4%8Dkov%C3%A1n%C3%AD.jpg","url":"https:\/\/www.iias.cz\/wp-content\/uploads\/medv%C3%ADdci%20h%C3%A1%C4%8Dkov%C3%A1n%C3%AD.jpg","height":0,"width":0},"wordCount":523,"keywords":null},{"@type":"Article","@id":"https:\/\/www.iias.cz\/co-se-radi-mezi-ekologicke-obalove-materialy\/","headline":"Co se \u0159ad\u00ed mezi ekologick\u00e9 obalov\u00e9 materi\u00e1ly","url":"https:\/\/www.iias.cz\/co-se-radi-mezi-ekologicke-obalove-materialy\/","datePublished":"2021-06-30","dateModified":"2023-05-15","mainEntityOfPage":"https:\/\/www.iias.cz\/co-se-radi-mezi-ekologicke-obalove-materialy\/","author":{"@type":"Person","@id":"https:\/\/www.iias.cz\/author\/#Person","name":"","url":"https:\/\/www.iias.cz\/author\/","identifier":1,"image":{"@type":"ImageObject","@id":"https:\/\/secure.gravatar.com\/avatar\/d7705a23c50ede72936119380238a88bdeb91030521f9262dc3abc6fdd8add33?s=96&d=mm&r=g","url":"https:\/\/secure.gravatar.com\/avatar\/d7705a23c50ede72936119380238a88bdeb91030521f9262dc3abc6fdd8add33?s=96&d=mm&r=g","height":96,"width":96}},"publisher":{"@type":"Organization","name":"iias.cz","logo":{"@type":"ImageObject","@id":"\/logo.png","url":"\/logo.png","width":600,"height":60}},"image":{"@type":"ImageObject","@id":"https:\/\/www.iias.cz\/wp-content\/uploads\/pap%C3%ADrov%C3%BD%20karton_10_4.jpg","url":"https:\/\/www.iias.cz\/wp-content\/uploads\/pap%C3%ADrov%C3%BD%20karton_10_4.jpg","height":0,"width":0},"wordCount":626,"keywords":null},{"@type":"Article","@id":"https:\/\/www.iias.cz\/letni-sezona-v-plnem-proudu-voda-bazen-a-prislusenstvi\/","headline":"Letn\u00ed sez\u00f3na v pln\u00e9m proudu, voda, baz\u00e9n a p\u0159\u00edslu\u0161enstv\u00ed","url":"https:\/\/www.iias.cz\/letni-sezona-v-plnem-proudu-voda-bazen-a-prislusenstvi\/","datePublished":"2021-06-23","dateModified":"2023-05-15","mainEntityOfPage":"https:\/\/www.iias.cz\/letni-sezona-v-plnem-proudu-voda-bazen-a-prislusenstvi\/","author":{"@type":"Person","@id":"https:\/\/www.iias.cz\/author\/#Person","name":"","url":"https:\/\/www.iias.cz\/author\/","identifier":1,"image":{"@type":"ImageObject","@id":"https:\/\/secure.gravatar.com\/avatar\/d7705a23c50ede72936119380238a88bdeb91030521f9262dc3abc6fdd8add33?s=96&d=mm&r=g","url":"https:\/\/secure.gravatar.com\/avatar\/d7705a23c50ede72936119380238a88bdeb91030521f9262dc3abc6fdd8add33?s=96&d=mm&r=g","height":96,"width":96}},"publisher":{"@type":"Organization","name":"iias.cz","logo":{"@type":"ImageObject","@id":"\/logo.png","url":"\/logo.png","width":600,"height":60}},"image":{"@type":"ImageObject","@id":"https:\/\/www.iias.cz\/wp-content\/uploads\/koup%C3%A1n%C3%AD.jpeg","url":"https:\/\/www.iias.cz\/wp-content\/uploads\/koup%C3%A1n%C3%AD.jpeg","height":0,"width":0},"wordCount":624,"keywords":null}]},{"@context":"https:\/\/schema.org","@type":"WebSite","@id":"https:\/\/www.iias.cz\/#website","name":"Iias","url":"https:\/\/www.iias.cz","potentialAction":{"@type":"SearchAction","target":"https:\/\/www.iias.cz\/?s={search_term_string}","query-input":"required name=search_term_string"}}]