[{"@context":"https:\/\/schema.org\/","@type":"Article","@id":"https:\/\/www.iias.cz\/roj-tel\/#Article","mainEntityOfPage":"https:\/\/www.iias.cz\/roj-tel\/","headline":"Roj t\u011bl","name":"Roj t\u011bl","description":"Milovala p\u0159esn\u011b tady tohle. Sed\u011bt ve st\u00ednu mark\u00fdzy na zahr\u00e1dce n\u011bjak\u00e9 kav\u00e1rni\u010dky nebo hosp\u016fdky \u010di cukr\u00e1rny, pozorovat lidi a p\u0159em\u00fd\u0161let, odkud asi jsou, odkud poch\u00e1zej\u00ed, kam m\u00ed\u0159\u00ed nebo jak\u00e9 jsou jejich c\u00edle. Ned\u011blat nic ur\u010dit\u00e9ho, na nic se nesoust\u0159edit. Nechat my\u0161lenky plynout tak, jak ji to u\u010dili na hodin\u00e1ch filozofie. Lidsk\u00fd mozek Je to \u00fa\u017easn\u00e1 [&hellip;]","datePublished":"2024-12-03","dateModified":"2024-12-03","author":{"@type":"Person","@id":"https:\/\/www.iias.cz\/author\/#Person","name":"","url":"https:\/\/www.iias.cz\/author\/","identifier":1,"image":{"@type":"ImageObject","@id":"https:\/\/secure.gravatar.com\/avatar\/d7705a23c50ede72936119380238a88bdeb91030521f9262dc3abc6fdd8add33?s=96&d=mm&r=g","url":"https:\/\/secure.gravatar.com\/avatar\/d7705a23c50ede72936119380238a88bdeb91030521f9262dc3abc6fdd8add33?s=96&d=mm&r=g","height":96,"width":96}},"publisher":{"@type":"Organization","name":"iias.cz","logo":{"@type":"ImageObject","@id":"\/logo.png","url":"\/logo.png","width":600,"height":60}},"url":"https:\/\/www.iias.cz\/roj-tel\/","wordCount":177,"articleBody":"Milovala p\u0159esn\u011b tady tohle. Sed\u011bt ve st\u00ednu mark\u00fdzy na zahr\u00e1dce n\u011bjak\u00e9 kav\u00e1rni\u010dky nebo hosp\u016fdky \u010di cukr\u00e1rny, pozorovat lidi a p\u0159em\u00fd\u0161let, odkud asi jsou, odkud poch\u00e1zej\u00ed, kam m\u00ed\u0159\u00ed nebo jak\u00e9 jsou jejich c\u00edle. Ned\u011blat nic ur\u010dit\u00e9ho, na nic se nesoust\u0159edit. Nechat my\u0161lenky plynout tak, jak ji to u\u010dili na hodin\u00e1ch filozofie. Lidsk\u00fd mozek Je to \u00fa\u017easn\u00e1 z\u00e1bava, sledovat, jak se sama mysl napoj\u00ed na n\u011bkter\u00e9 vzpom\u00ednky, jak si ob\u010das s\u00e1m mozek vystav\u00ed tak neuv\u011b\u0159iteln\u011b nepochopiteln\u00e9 mosty mezi vzpom\u00ednkami a my\u0161lenkami, a\u017e se \u010dlov\u011bk zaraz\u00ed a uv\u011bdom\u00ed si, jak je lidsk\u00e1 mysl vlastn\u011b neuv\u011b\u0159iteln\u00e1 a nepochopiteln\u00e1. Te\u010f t\u0159eba jej\u00ed my\u0161lenky putovaly od br\u00fdl\u00ed, kter\u00e9 m\u011bl kluk naproti u stolu na hlav\u011b, k jej\u00edm vlast\u00edm br\u00fdl\u00edm v kabelce, kter\u00e9 m\u00e1 u\u017e t\u0159i roky, na\u010de\u017e jej\u00ed my\u0161lenka p\u0159esko\u010d\u00ed na jej\u00ed d\u011btskou l\u00e9ka\u0159ku.                                                                                                                                                                                                                                                                                                                                                                                        5\/5 - (3 votes)        "},{"@context":"https:\/\/schema.org\/","@type":"BreadcrumbList","itemListElement":[{"@type":"ListItem","position":1,"name":"Roj t\u011bl","item":"https:\/\/www.iias.cz\/roj-tel\/#breadcrumbitem"}]}]