[{"@context":"https:\/\/schema.org\/","@type":"Article","@id":"https:\/\/www.iias.cz\/vyucni-list-nebo-maturitni-vysvedceni\/#Article","mainEntityOfPage":"https:\/\/www.iias.cz\/vyucni-list-nebo-maturitni-vysvedceni\/","headline":"V\u00fdu\u010dn\u00ed list nebo maturitn\u00ed vysv\u011bd\u010den\u00ed?","name":"V\u00fdu\u010dn\u00ed list nebo maturitn\u00ed vysv\u011bd\u010den\u00ed?","description":"Pro\u010d m\u00edt vzd\u011bl\u00e1n\u00ed? K\u00a0\u010demu pot\u0159ebujeme pap\u00edr? K\u00a0\u010demu zahodit t\u0159i nebo \u010dty\u0159i roky \u017eivota na st\u0159edn\u00ed? K\u00a0\u010demu se u\u010dit, kdy\u017e to nevyu\u017eijeme v\u00a0\u017eivot\u011b? P\u0159ijmou v\u00e1s v\u00a0pr\u00e1ci i bez pap\u00edru. Toto jsem si \u0159\u00edkala, proto\u017ee jsem v\u011bd\u011bla, \u017ee rodi\u010de nemaj\u00ed \u017e\u00e1dn\u00e9 vzd\u011bl\u00e1n\u00ed. Tak jsem si \u0159\u00edkala k\u00a0\u010demu je to pot\u0159ebn\u00e9? Ale \u0159\u00edkalo se, \u017ee v\u00e1s vezmou do [&hellip;]","datePublished":"2022-08-16","dateModified":"2023-05-15","author":{"@type":"Person","@id":"https:\/\/www.iias.cz\/author\/#Person","name":"","url":"https:\/\/www.iias.cz\/author\/","identifier":1,"image":{"@type":"ImageObject","@id":"https:\/\/secure.gravatar.com\/avatar\/d7705a23c50ede72936119380238a88bdeb91030521f9262dc3abc6fdd8add33?s=96&d=mm&r=g","url":"https:\/\/secure.gravatar.com\/avatar\/d7705a23c50ede72936119380238a88bdeb91030521f9262dc3abc6fdd8add33?s=96&d=mm&r=g","height":96,"width":96}},"publisher":{"@type":"Organization","name":"iias.cz","logo":{"@type":"ImageObject","@id":"\/logo.png","url":"\/logo.png","width":600,"height":60}},"image":{"@type":"ImageObject","@id":"https:\/\/www.iias.cz\/wp-content\/uploads\/office-g829b903ea_1920_2.jpg","url":"https:\/\/www.iias.cz\/wp-content\/uploads\/office-g829b903ea_1920_2.jpg","height":0,"width":0},"url":"https:\/\/www.iias.cz\/vyucni-list-nebo-maturitni-vysvedceni\/","about":["Vzd\u011bl\u00e1n\u00ed"],"wordCount":477,"articleBody":"Pro\u010d m\u00edt vzd\u011bl\u00e1n\u00ed? K\u00a0\u010demu pot\u0159ebujeme pap\u00edr? K\u00a0\u010demu zahodit t\u0159i nebo \u010dty\u0159i roky \u017eivota na st\u0159edn\u00ed? K\u00a0\u010demu se u\u010dit, kdy\u017e to nevyu\u017eijeme v\u00a0\u017eivot\u011b? P\u0159ijmou v\u00e1s v\u00a0pr\u00e1ci i bez pap\u00edru. Toto jsem si \u0159\u00edkala, proto\u017ee jsem v\u011bd\u011bla, \u017ee rodi\u010de nemaj\u00ed \u017e\u00e1dn\u00e9 vzd\u011bl\u00e1n\u00ed. Tak jsem si \u0159\u00edkala k\u00a0\u010demu je to pot\u0159ebn\u00e9? Ale \u0159\u00edkalo se, \u017ee v\u00e1s vezmou do pr\u00e1ce i se z\u00e1kladn\u00edm vzd\u011bl\u00e1n\u00ed. Popravd\u011b? Je to t\u011b\u017ek\u00e9. Sice m\u00e1ma n\u011bkolik let nepracovala, proto\u017ee jsme ze sedmi sourozenc\u016f, tak byla dlouho na mate\u0159sk\u00fd nebo rodi\u010dovsk\u00e9 dovolen\u00e9. Ale v\u0161ude v\u011bt\u0161inou cht\u011bli v\u00fdu\u010dn\u00ed list nebo maturitn\u00ed vysv\u011bd\u010den\u00ed. Kdy\u017e jsem byla na z\u00e1kladce, tak jsem ve \u010dtvrt\u00e9 t\u0159\u00edd\u011b propadla. Mohla jsem ud\u011blat opravn\u00e9 zkou\u0161ky, ale bohu\u017eel moje biologick\u00e1 m\u00e1ma u\u010ditelce \u0159ekla, \u017ee -, Nechci j\u00ed kazit pr\u00e1zdniny\u2018\u2018. Tak jsem musela cel\u00fd ro\u010dn\u00edk opakovat. Ub\u011bhlo pak n\u011bkolik let a byla jsem v\u00a0osm\u00e9 t\u0159\u00edd\u011b. Byla mo\u017enost, \u017ee jsem mohla ukon\u010dit z\u00e1kladku, ale d\u00edky m\u00e9 adoptivn\u00ed tet\u011b, kter\u00e1 p\u0159emluvila moj\u00ed biologickou m\u00e1mu, aby m\u011b na t\u00e9 \u0161kole nechala a za\u017e\u00e1dala o dev\u00e1t\u00fd ro\u010dn\u00edk. Tak se za \u017e\u00e1dalo a schv\u00e1lili mi to. Pot\u00e9 jsem nastoupila na u\u010debn\u00ed obor. A studovala jsem t\u0159i roky + jsem je\u0161t\u011b studovala jeden rok na n\u00e1stavb\u011b. Jen\u017ee kv\u016fli covidu se to nezvl\u00e1dalo, tak jsem si na\u0161la pr\u00e1ci a \u0161la jsem pracovat. Popravd\u011b? Cht\u011bli po m\u011b pap\u00edr? Ne. Jen cht\u011bli v\u011bd\u011bt co m\u00e1m za \u0161kolu. Ale, pro\u010d je tak d\u016fle\u017eit\u00e9 m\u00edt \u0161kolu? Proto\u017ee pokud chcete n\u011bco dok\u00e1zat mus\u00edte k\u00a0tomu m\u00edt ur\u010ditou \u0161kolu. Jako j\u00e1 nap\u0159\u00edklad. M\u00e1m u\u010debn\u00ed obor, ale jsem souzen\u00e1 jen pro obchod nebo n\u011bjak\u00fd sklad. Kdybych m\u011bla maturitn\u00ed vysv\u011bd\u010den\u00ed, tak jsem t\u0159eba v\u00a0n\u011bjak\u00fd kancel\u00e1\u0159i a d\u011bl\u00e1m s\u00a0pap\u00edry ohledn\u011b financ\u00ed nebo tak n\u011bco, ale bohu\u017eel. Zase si \u0159\u00edk\u00e1m, \u017ee kdy\u017e \u010dlov\u011bk m\u00e1 pr\u00e1ci i s\u00a0v\u00fdu\u010dn\u00edm listem, tak je t\u0159eba odsouzen\u00fd jen jako prodava\u010dka nebo skladn\u00edk. Ale, kdy\u017e uvid\u00ed a poznaj\u00ed jak \u0161ikovn\u00fd a zodpov\u011bdn\u00fd jste, tak se stane z\u00e1zrak. Nem\u00e1te maturitn\u00ed vysv\u011bd\u010den\u00ed, a i p\u0159esto v\u00e1s pov\u00fd\u0161\u00ed na pozici vedouc\u00ed prodejny. Pro\u010d? Proto\u017ee v\u00e1m v\u011b\u0159\u00ed v\u00edc jak moc \u0161ikovn\u00fd jste ne\u017e n\u011bkomu, kdo m\u00e1 pap\u00edr s\u00a0maturitou a mysl\u00ed si o sob\u011b b\u016fh v\u00ed co.                                                                                                                                                                                                                                                                                                                                                                                         4\/5 - (6 votes)        "},{"@context":"https:\/\/schema.org\/","@type":"BreadcrumbList","itemListElement":[{"@type":"ListItem","position":1,"name":"V\u00fdu\u010dn\u00ed list nebo maturitn\u00ed vysv\u011bd\u010den\u00ed?","item":"https:\/\/www.iias.cz\/vyucni-list-nebo-maturitni-vysvedceni\/#breadcrumbitem"}]}]